{"id":637,"global_id":"wir-gegen-rechts.at\/en?id=637","global_id_lineage":["wir-gegen-rechts.at\/en?id=637"],"author":"2","status":"publish","date":"2024-09-13 11:38:35","date_utc":"2024-09-13 11:38:35","modified":"2024-09-13 11:38:35","modified_utc":"2024-09-13 11:38:35","url":"https:\/\/wir-gegen-rechts.at\/en\/event\/gesprachstraining-horsching-ohm-kollektiv\/","rest_url":"https:\/\/wir-gegen-rechts.at\/en\/wp-json\/tribe\/events\/v1\/events\/637","title":"Gespr\u00e4chstraining H\u00f6rsching (Ohm Kollektiv)","description":"<div class=\"wp-block-post-date\">\n<p><strong>Di 24. September in H\u00f6rsching 12:00-14:00 Uhr (Treffpunkt kommt per Mail)<br \/>\n<\/strong><time datetime=\"2024-09-10T19:05:24+02:00\">Das Ohm Kollektiv <\/time>veranstaltet am 14., 24. und 26. September Haust\u00fcr-Gespr\u00e4chstrainings gegen rechts, nach dem Konzept von \u201eWir* gegen rechts\u201e.<\/p>\n<\/div>\n<p>Alle Infos: <a href=\"https:\/\/kollektivohm.org\/2024\/09\/10\/14-september-gesprachstraining-gegen-rechts-und-konzert\/\" target=\"_blank\" rel=\"noopener\">https:\/\/kollektivohm.org\/2024\/09\/10\/14-september-gesprachstraining-gegen-rechts-und-konzert\/<\/a><\/p>\n<p>Noch mehr Gespr\u00e4chstrainings <a href=\"https:\/\/wir-gegen-rechts.at\/gespraechstrainings\/\">findest du hier<\/a>.<\/p>","excerpt":"","slug":"gesprachstraining-horsching-ohm-kollektiv","image":false,"all_day":false,"start_date":"2024-09-24 12:00:00","start_date_details":{"year":"2024","month":"09","day":"24","hour":"12","minutes":"00","seconds":"00"},"end_date":"2024-09-24 14:00:00","end_date_details":{"year":"2024","month":"09","day":"24","hour":"14","minutes":"00","seconds":"00"},"utc_start_date":"2024-09-24 12:00:00","utc_start_date_details":{"year":"2024","month":"09","day":"24","hour":"12","minutes":"00","seconds":"00"},"utc_end_date":"2024-09-24 14:00:00","utc_end_date_details":{"year":"2024","month":"09","day":"24","hour":"14","minutes":"00","seconds":"00"},"timezone":"UTC+0","timezone_abbr":"UTC+0","cost":"","cost_details":{"currency_symbol":"$","currency_code":"USD","currency_position":"prefix","values":[]},"website":"","show_map":false,"show_map_link":false,"hide_from_listings":false,"sticky":false,"featured":false,"categories":[],"tags":[],"venue":[],"organizer":[],"custom_fields":[],"json_ld":{"@context":"http:\/\/schema.org","@type":"Event","name":"Gespr\u00e4chstraining H\u00f6rsching (Ohm Kollektiv)","description":"&lt;p&gt;Di 24. September in H\u00f6rsching 12:00-14:00 Uhr (Treffpunkt kommt per Mail) Das Ohm Kollektiv veranstaltet am 14., 24. und 26. September Haust\u00fcr-Gespr\u00e4chstrainings gegen rechts, nach dem Konzept von \u201eWir* gegen [&hellip;]&lt;\/p&gt;\\n","url":"https:\/\/wir-gegen-rechts.at\/en\/event\/gesprachstraining-horsching-ohm-kollektiv\/","eventAttendanceMode":"https:\/\/schema.org\/OfflineEventAttendanceMode","eventStatus":"https:\/\/schema.org\/EventScheduled","startDate":"2024-09-24T12:00:00+00:00","endDate":"2024-09-24T14:00:00+00:00","performer":"Organization"}}